{"id":4784,"date":"2025-01-14T15:19:49","date_gmt":"2025-01-14T14:19:49","guid":{"rendered":"https:\/\/www.courage-beratung.at\/?p=4784"},"modified":"2025-01-14T20:09:05","modified_gmt":"2025-01-14T19:09:05","slug":"lgbtiq-und-neurodiversitat","status":"publish","type":"post","link":"https:\/\/www.courage-beratung.at\/en\/2025\/01\/14\/lgbtiq-und-neurodiversitat\/","title":{"rendered":"LGBTIQ* und Neurodiversit\u00e4t"},"content":{"rendered":"<p><strong><em>Fort- und Weiterbildungsseminar, Freitag 30. \u2013 Samstag 31. Mai 2025<\/em><\/strong><\/p>\n\n\n\n<p>In der Beratung erleben wir \u2013 vor allem seit der Corona-Pandemie \u2013 mehr und mehr Menschen, v.a. LGBTIQ+* Kinder und Jugendliche, mit neurodivergenten \u201eSt\u00f6rungen\u201c. Neurodiversit\u00e4t umfasst unterschiedliche neurologische Zust\u00e4nde und Unterschiede wie Autismus &#8211; Spektrum &#8211; St\u00f6rung (ASS) und Aufmerksamkeitsdefizit- \/ Hyperaktivit\u00e4tsst\u00f6rung (ADHS). Diese Perspektive erkennt an, dass neurologische Unterschiede nicht unbedingt Defizite darstellen, sondern Teil der Vielfalt menschlichen Erlebens sind. Im Seminar geht es darum, den einzigartigen Bed\u00fcrfnissen dieser Klientinnen gerecht zu werden und ihnen eine unterst\u00fctzende und respektvolle Umgebung zu bieten.<\/p>\n\n\n\n<p>Anna Binder-Kita ist es ein besonderes Anliegen, die neurodivergente Perspektive in der Therapie zu betonen, insbesondere bei der Arbeit mit Klient:innen im autistischen Spektrum. In ihrer Praxis hat sie \u00fcber mehrere Jahre hinweg einen sensorisch sensitiven und inklusiven Raum geschaffen, um den besonderen Bed\u00fcrfnissen dieser Klient:innen gerecht zu werden. Diese bewusste Gestaltung erm\u00f6glicht es, Barrieren abzubauen und eine Umgebung zu schaffen, in der neurodiverse Menschen sich sicher und verstanden f\u00fchlen <\/p>\n\n\n\n<p><strong>Referent*Innen:<\/strong> <\/p>\n\n\n\n<p><strong>Mag.a Anna Binder-Kita<\/strong>: Psychotherapeutin (Integrative Gestalttherapie), Spezialisierung auf Neurodiversit\u00e4t<\/p>\n\n\n\n<p><strong>Termine:<\/strong> Freitag, 30. \u2013 Samstag, 31. Mai 2025 <\/p>\n\n\n\n<p>Freitag: 15.00 \u2013 20.00 Uhr; Samstag: 09.30 \u2013 19.15 Uhr (16 Arbeitseinheiten) <\/p>\n\n\n\n<p><strong>Veranstaltungsort:<\/strong> <\/p>\n\n\n\n<p><strong>Beratungsstelle COURAGE Wien, Queeres Bildungszentrum <\/strong>1060 Wien, Windm\u00fchlgasse 15, Gassenlokal <\/p>\n\n\n\n<p><strong>Kosten:<\/strong> Euro 320,\u2013 regul\u00e4r<strong> <\/strong><\/p>\n\n\n\n<p><strong>Storno:<\/strong> Bis 4 Wochen vor dem Termin k\u00f6nnen Sie abschlagsfrei vom Seminar zur\u00fccktreten. Bei Stornierung innerhalb von 4 Wochen vor Veranstaltungsbeginn m\u00fcssen 20 % der Teilnahmegeb\u00fchr in Rechnung gestellt werden. Bei Stornierung innerhalb von 2 Wochen vor Veranstaltungsbeginn m\u00fcssen 50 % der Teilnahmegeb\u00fchr in Rechnung gestellt werden. Bei Stornierung innerhalb von 1 Woche vor Veranstaltungsbeginn m\u00fcssen 80 % der Teilnahmegeb\u00fchr in Rechnung gestellt werden. Bei Nichtteilnahme ohne vorherige rechtzeitige Absage muss die gesamte Teilnahmegeb\u00fchr verrechnet werden. Mit der verbindlichen Anmeldung zu der Veranstaltung akzeptieren Sie die Stornobedingungen.<strong> <\/strong><\/p>\n\n\n\n<p><strong>Anmeldung<\/strong>: bis 23. Mai 2025 <\/p>\n\n\n\n<p><strong>Kontaktperson f\u00fcr Anmeldung<\/strong>: <\/p>\n\n\n\n<p>Lukas Stelzhammer (Koordination Wien) 1060 Wien, Windm\u00fchlgasse 15\/1\/7 <\/p>\n\n\n\n<p>Tel: 01\/585 69 66, Email: info@courage-beratung.at<\/p>","protected":false},"excerpt":{"rendered":"<p>Fort- und Weiterbildungsseminar, Freitag 30. \u2013 Samstag 31. Mai 2025 In der Beratung erleben wir \u2013 vor allem seit der Corona-Pandemie \u2013 mehr und mehr Menschen, v.a. LGBTIQ+* Kinder und Jugendliche, mit neurodivergenten \u201eSt\u00f6rungen\u201c. Neurodiversit\u00e4t umfasst unterschiedliche neurologische Zust\u00e4nde und Unterschiede wie Autismus &#8211; Spektrum &#8211; St\u00f6rung (ASS) und Aufmerksamkeitsdefizit- \/ Hyperaktivit\u00e4tsst\u00f6rung (ADHS). Diese Perspektive [&hellip;]<\/p>","protected":false},"author":6,"featured_media":4781,"comment_status":"closed","ping_status":"open","sticky":false,"template":"","format":"standard","meta":{"footnotes":""},"categories":[18],"tags":[],"class_list":["post-4784","post","type-post","status-publish","format-standard","has-post-thumbnail","hentry","category-seminare"],"_links":{"self":[{"href":"https:\/\/www.courage-beratung.at\/en\/wp-json\/wp\/v2\/posts\/4784","targetHints":{"allow":["GET"]}}],"collection":[{"href":"https:\/\/www.courage-beratung.at\/en\/wp-json\/wp\/v2\/posts"}],"about":[{"href":"https:\/\/www.courage-beratung.at\/en\/wp-json\/wp\/v2\/types\/post"}],"author":[{"embeddable":true,"href":"https:\/\/www.courage-beratung.at\/en\/wp-json\/wp\/v2\/users\/6"}],"replies":[{"embeddable":true,"href":"https:\/\/www.courage-beratung.at\/en\/wp-json\/wp\/v2\/comments?post=4784"}],"version-history":[{"count":5,"href":"https:\/\/www.courage-beratung.at\/en\/wp-json\/wp\/v2\/posts\/4784\/revisions"}],"predecessor-version":[{"id":4802,"href":"https:\/\/www.courage-beratung.at\/en\/wp-json\/wp\/v2\/posts\/4784\/revisions\/4802"}],"wp:featuredmedia":[{"embeddable":true,"href":"https:\/\/www.courage-beratung.at\/en\/wp-json\/wp\/v2\/media\/4781"}],"wp:attachment":[{"href":"https:\/\/www.courage-beratung.at\/en\/wp-json\/wp\/v2\/media?parent=4784"}],"wp:term":[{"taxonomy":"category","embeddable":true,"href":"https:\/\/www.courage-beratung.at\/en\/wp-json\/wp\/v2\/categories?post=4784"},{"taxonomy":"post_tag","embeddable":true,"href":"https:\/\/www.courage-beratung.at\/en\/wp-json\/wp\/v2\/tags?post=4784"}],"curies":[{"name":"wp","href":"https:\/\/api.w.org\/{rel}","templated":true}]}}