{"id":5367,"date":"2025-04-08T10:47:32","date_gmt":"2025-04-08T08:47:32","guid":{"rendered":"https:\/\/www.courage-beratung.at\/?p=5367"},"modified":"2025-05-02T13:08:53","modified_gmt":"2025-05-02T11:08:53","slug":"queer-wahlen","status":"publish","type":"post","link":"https:\/\/www.courage-beratung.at\/en\/2025\/04\/08\/queer-wahlen\/","title":{"rendered":"Initiative Queere W\u00e4hlen in Wien"},"content":{"rendered":"<p class=\"has-black-color has-vivid-red-background-color has-text-color has-background has-link-color wp-elements-adc735b63f67991325b6490324d9308b\">Vor der Wiener Landtagswahl 2025 wurden acht konkrete Fragen an die im Landtag vertretenen Parteien zum Thema LGBTIQA* gestellt. Geantwortet haben SP\u00d6, NEOS, Gr\u00fcne und \u00d6VP. Die FP\u00d6 hat keine Stellungnahmen \u00fcbermittelt.<\/p>\n\n\n\n<p class=\"has-black-color has-vivid-red-background-color has-text-color has-background has-link-color wp-elements-56381a15aaad048de38e3035f186d052\">Erste Antworten findet ihr hier auf den Shareables von FAmOS:<\/p>\n\n\n\n<figure class=\"wp-block-gallery has-nested-images columns-default is-cropped wp-block-gallery-1 is-layout-flex wp-block-gallery-is-layout-flex\">\n<figure class=\"wp-block-image size-large\"><img loading=\"lazy\" decoding=\"async\" width=\"1030\" height=\"1030\" data-id=\"5452\" src=\"https:\/\/www.courage-beratung.at\/wp-content\/uploads\/2025\/04\/1-1030x1030.png\" alt=\"\" class=\"wp-image-5452\" srcset=\"https:\/\/www.courage-beratung.at\/wp-content\/uploads\/2025\/04\/1-1030x1030.png 1030w, https:\/\/www.courage-beratung.at\/wp-content\/uploads\/2025\/04\/1-300x300.png 300w, https:\/\/www.courage-beratung.at\/wp-content\/uploads\/2025\/04\/1-80x80.png 80w, https:\/\/www.courage-beratung.at\/wp-content\/uploads\/2025\/04\/1-768x768.png 768w, https:\/\/www.courage-beratung.at\/wp-content\/uploads\/2025\/04\/1-12x12.png 12w, https:\/\/www.courage-beratung.at\/wp-content\/uploads\/2025\/04\/1-36x36.png 36w, https:\/\/www.courage-beratung.at\/wp-content\/uploads\/2025\/04\/1-180x180.png 180w, https:\/\/www.courage-beratung.at\/wp-content\/uploads\/2025\/04\/1-705x705.png 705w, https:\/\/www.courage-beratung.at\/wp-content\/uploads\/2025\/04\/1.png 1080w\" sizes=\"auto, (max-width: 1030px) 100vw, 1030px\" \/><\/figure>\n\n\n\n<figure class=\"wp-block-image size-large\"><img loading=\"lazy\" decoding=\"async\" width=\"1030\" height=\"1030\" data-id=\"5451\" src=\"https:\/\/www.courage-beratung.at\/wp-content\/uploads\/2025\/04\/2-1030x1030.png\" alt=\"\" class=\"wp-image-5451\" srcset=\"https:\/\/www.courage-beratung.at\/wp-content\/uploads\/2025\/04\/2-1030x1030.png 1030w, https:\/\/www.courage-beratung.at\/wp-content\/uploads\/2025\/04\/2-300x300.png 300w, https:\/\/www.courage-beratung.at\/wp-content\/uploads\/2025\/04\/2-80x80.png 80w, https:\/\/www.courage-beratung.at\/wp-content\/uploads\/2025\/04\/2-768x768.png 768w, https:\/\/www.courage-beratung.at\/wp-content\/uploads\/2025\/04\/2-12x12.png 12w, https:\/\/www.courage-beratung.at\/wp-content\/uploads\/2025\/04\/2-36x36.png 36w, https:\/\/www.courage-beratung.at\/wp-content\/uploads\/2025\/04\/2-180x180.png 180w, https:\/\/www.courage-beratung.at\/wp-content\/uploads\/2025\/04\/2-705x705.png 705w, https:\/\/www.courage-beratung.at\/wp-content\/uploads\/2025\/04\/2.png 1080w\" sizes=\"auto, (max-width: 1030px) 100vw, 1030px\" \/><\/figure>\n\n\n\n<figure class=\"wp-block-image size-large\"><img loading=\"lazy\" decoding=\"async\" width=\"1030\" height=\"1030\" data-id=\"5450\" src=\"https:\/\/www.courage-beratung.at\/wp-content\/uploads\/2025\/04\/3-1030x1030.png\" alt=\"\" class=\"wp-image-5450\" srcset=\"https:\/\/www.courage-beratung.at\/wp-content\/uploads\/2025\/04\/3-1030x1030.png 1030w, https:\/\/www.courage-beratung.at\/wp-content\/uploads\/2025\/04\/3-300x300.png 300w, https:\/\/www.courage-beratung.at\/wp-content\/uploads\/2025\/04\/3-80x80.png 80w, https:\/\/www.courage-beratung.at\/wp-content\/uploads\/2025\/04\/3-768x768.png 768w, https:\/\/www.courage-beratung.at\/wp-content\/uploads\/2025\/04\/3-12x12.png 12w, https:\/\/www.courage-beratung.at\/wp-content\/uploads\/2025\/04\/3-36x36.png 36w, https:\/\/www.courage-beratung.at\/wp-content\/uploads\/2025\/04\/3-180x180.png 180w, https:\/\/www.courage-beratung.at\/wp-content\/uploads\/2025\/04\/3-705x705.png 705w, https:\/\/www.courage-beratung.at\/wp-content\/uploads\/2025\/04\/3.png 1080w\" sizes=\"auto, (max-width: 1030px) 100vw, 1030px\" \/><\/figure>\n\n\n\n<figure class=\"wp-block-image size-large\"><img loading=\"lazy\" decoding=\"async\" width=\"1030\" height=\"1030\" data-id=\"5449\" src=\"https:\/\/www.courage-beratung.at\/wp-content\/uploads\/2025\/04\/4-1030x1030.png\" alt=\"\" class=\"wp-image-5449\" srcset=\"https:\/\/www.courage-beratung.at\/wp-content\/uploads\/2025\/04\/4-1030x1030.png 1030w, https:\/\/www.courage-beratung.at\/wp-content\/uploads\/2025\/04\/4-300x300.png 300w, https:\/\/www.courage-beratung.at\/wp-content\/uploads\/2025\/04\/4-80x80.png 80w, https:\/\/www.courage-beratung.at\/wp-content\/uploads\/2025\/04\/4-768x768.png 768w, https:\/\/www.courage-beratung.at\/wp-content\/uploads\/2025\/04\/4-12x12.png 12w, https:\/\/www.courage-beratung.at\/wp-content\/uploads\/2025\/04\/4-36x36.png 36w, https:\/\/www.courage-beratung.at\/wp-content\/uploads\/2025\/04\/4-180x180.png 180w, https:\/\/www.courage-beratung.at\/wp-content\/uploads\/2025\/04\/4-705x705.png 705w, https:\/\/www.courage-beratung.at\/wp-content\/uploads\/2025\/04\/4.png 1080w\" sizes=\"auto, (max-width: 1030px) 100vw, 1030px\" \/><\/figure>\n\n\n\n<figure class=\"wp-block-image size-large\"><img loading=\"lazy\" decoding=\"async\" width=\"1030\" height=\"1030\" data-id=\"5453\" src=\"https:\/\/www.courage-beratung.at\/wp-content\/uploads\/2025\/04\/5-1030x1030.png\" alt=\"\" class=\"wp-image-5453\" srcset=\"https:\/\/www.courage-beratung.at\/wp-content\/uploads\/2025\/04\/5-1030x1030.png 1030w, https:\/\/www.courage-beratung.at\/wp-content\/uploads\/2025\/04\/5-300x300.png 300w, https:\/\/www.courage-beratung.at\/wp-content\/uploads\/2025\/04\/5-80x80.png 80w, https:\/\/www.courage-beratung.at\/wp-content\/uploads\/2025\/04\/5-768x768.png 768w, https:\/\/www.courage-beratung.at\/wp-content\/uploads\/2025\/04\/5-12x12.png 12w, https:\/\/www.courage-beratung.at\/wp-content\/uploads\/2025\/04\/5-36x36.png 36w, https:\/\/www.courage-beratung.at\/wp-content\/uploads\/2025\/04\/5-180x180.png 180w, https:\/\/www.courage-beratung.at\/wp-content\/uploads\/2025\/04\/5-705x705.png 705w, https:\/\/www.courage-beratung.at\/wp-content\/uploads\/2025\/04\/5.png 1080w\" sizes=\"auto, (max-width: 1030px) 100vw, 1030px\" \/><\/figure>\n\n\n\n<figure class=\"wp-block-image size-large\"><img loading=\"lazy\" decoding=\"async\" width=\"1030\" height=\"1030\" data-id=\"5454\" src=\"https:\/\/www.courage-beratung.at\/wp-content\/uploads\/2025\/04\/6-1030x1030.png\" alt=\"\" class=\"wp-image-5454\" srcset=\"https:\/\/www.courage-beratung.at\/wp-content\/uploads\/2025\/04\/6-1030x1030.png 1030w, https:\/\/www.courage-beratung.at\/wp-content\/uploads\/2025\/04\/6-300x300.png 300w, https:\/\/www.courage-beratung.at\/wp-content\/uploads\/2025\/04\/6-80x80.png 80w, https:\/\/www.courage-beratung.at\/wp-content\/uploads\/2025\/04\/6-768x768.png 768w, https:\/\/www.courage-beratung.at\/wp-content\/uploads\/2025\/04\/6-12x12.png 12w, https:\/\/www.courage-beratung.at\/wp-content\/uploads\/2025\/04\/6-36x36.png 36w, https:\/\/www.courage-beratung.at\/wp-content\/uploads\/2025\/04\/6-180x180.png 180w, https:\/\/www.courage-beratung.at\/wp-content\/uploads\/2025\/04\/6-705x705.png 705w, https:\/\/www.courage-beratung.at\/wp-content\/uploads\/2025\/04\/6.png 1080w\" sizes=\"auto, (max-width: 1030px) 100vw, 1030px\" \/><\/figure>\n<\/figure>\n\n\n\n<p class=\"has-black-color has-vivid-red-background-color has-text-color has-background has-link-color wp-elements-b5277e8a7791bcbb75a27d3f5d45ad7c\">Die Parteien nahmen unterschiedliche Stellungen zur finanziellen F\u00f6rderung des <strong>Zentrums f\u00fcr queere Geschichte (QWien) <\/strong>ein. Die Gr\u00fcnen, NEOS und die SP\u00d6 unterst\u00fctzen die F\u00f6rderung, da QWien eine wichtige Rolle in der Forschung und Bildung zur queeren Geschichte spielt, insbesondere zur NS-Verfolgung von Homosexuellen. Sie sehen das Zentrum als wichtigen Beitrag zur Erinnerungskultur und zur Sichtbarmachung queerer Geschichte. Die \u00d6VP hingegen lehnt die F\u00f6rderung ab, da sie die bisherigen Ausgaben der Stadt f\u00fcr queere Themen als unverh\u00e4ltnism\u00e4\u00dfig betrachtet. Die FP\u00d6 gab keine Stellungnahme ab.<\/p>\n\n\n\n<p class=\"has-black-color has-luminous-vivid-orange-background-color has-text-color has-background has-link-color wp-elements-d45744f4d7a67b854b9d28471636d8a0\">Das neue <strong>queere Jugendzentrum (Q:WIR)<\/strong> wird von den Parteien unterschiedlich beurteilt. Die Gr\u00fcnen, NEOS und SP\u00d6 unterst\u00fctzen das Zentrum, da es einen sicheren Raum f\u00fcr junge Menschen der LGBTIQA*-Community bietet, in dem sie sich selbst entfalten, austauschen und Unterst\u00fctzung erfahren k\u00f6nnen. Die SP\u00d6 betont, dass Wien als Stadt der Menschenrechte und Vielfalt die F\u00f6rderung der LGBTIQA*-Community konsequent umsetzt. NEOS sieht das Zentrum als langfristig wichtigen Ankerpunkt f\u00fcr queere Jugendliche und strebt eine nachhaltige Finanzierung an. Die \u00d6VP lehnt die F\u00f6rderung mit derselben Begr\u00fcndung ab, wie bereits das Zentrum f\u00fcr queere Geschichte (QWien). Die FP\u00d6 gab keine Stellungnahme ab.<\/p>\n\n\n\n<p class=\"has-black-color has-maximum-yellow-red-background-color has-text-color has-background has-link-color wp-elements-ad92f2e559af8eb1db1a3ecd9d823c73\">Auch die <strong>Vienna Pride <\/strong>st\u00f6\u00dft auf unterschiedliche Meinungen. Die Gr\u00fcnen, NEOS und SP\u00d6 unterst\u00fctzen die Parade, da sie als bedeutendes Symbol f\u00fcr die queere Community in Wien gilt und eine wichtige Plattform f\u00fcr die Sichtbarkeit und den Kampf gegen Diskriminierung bietet. Die Gr\u00fcnen betonen die Vielfalt der begleitenden Veranstaltungen und den Dialog, den das Pride Village f\u00f6rdert. NEOS sieht die Parade als wichtiges Zeichen f\u00fcr Offenheit und Akzeptanz, insbesondere angesichts zunehmender Gewalt gegen LGBTIQA*-Personen. Die SP\u00d6 hebt die Bedeutung der Parade f\u00fcr die F\u00f6rderung der Akzeptanz und den Schutz der Rechte queerer Menschen hervor. Die \u00d6VP lehnt die F\u00f6rderung ab, abermals mit der Stellungnahme, dass die Ausgaben f\u00fcr queere Themen nicht verh\u00e4ltnisgem\u00e4\u00df sind. Die FP\u00d6 gab keine Stellungnahme ab.<\/p>\n\n\n\n<p class=\"has-black-color has-maximum-yellow-red-background-color has-text-color has-background has-link-color wp-elements-a3a08dc65bf344c15516e42c5a7eb946\">Es wurden weiters unterschiedliche <strong>Vorschl\u00e4ge und Initiativen zum Thema LGBTIQA* in Wien<\/strong> angegeben. Die Gr\u00fcnen setzen sich f\u00fcr die F\u00f6rderung eines internationalen Queer Film Festivals sowie f\u00fcr eine Wiener Brandmauer gegen Trans-, Inter- und Homofeindlichkeit ein. Sie m\u00f6chten konkrete Ma\u00dfnahmen zur Verbesserung der Sicherheit von LGBTIQA*-Personen im \u00f6ffentlichen Raum entwickeln, Unterst\u00fctzung f\u00fcr queere Wohnungslosenhilfe anbieten und die Gesundheitsversorgung f\u00fcr trans Personen verbessern. NEOS pl\u00e4diert f\u00fcr eine wissenschaftlich begleitete Studie zu den Bed\u00fcrfnissen \u00e4lterer LGBTIQ*-Personen und die Schaffung eines queerfreundlichen, generationen\u00fcbergreifenden Wohnprojekts. Die SP\u00d6 unterst\u00fctzt unter anderem Ma\u00dfnahmen zur Sichtbarkeit und Gesundheitsversorgung von LGBTIQA*-Menschen, wie den Ausbau spezialisierter Angebote f\u00fcr trans, intergeschlechtliche und nicht-bin\u00e4re Menschen sowie die Einrichtung einer anonymen Meldestelle gegen Hasskriminalit\u00e4t. Zudem f\u00f6rdert sie queerfreundliche Pflegeeinrichtungen und Wohnformen f\u00fcr \u00e4ltere LGBTIQA*-Personen. Die \u00d6VP hat keine weiteren Vorschl\u00e4ge und lehnt zus\u00e4tzliche Initiativen ab. Die FP\u00d6 gab keine Stellungnahme ab.<\/p>\n\n\n\n<p class=\"has-black-color has-palm-leaf-background-color has-text-color has-background has-link-color wp-elements-a5bb216b1e6541c40056753422c952b2\"><strong>All diese Fragen fallen in die Kompetenzen der Stadt Wien. Dennoch wurden auch noch Fragen an die Parteien gesendet, die in die Kompetenzen des Bundes fallen, um ein breiteres Meinungsbild zu erm\u00f6glichen.<\/strong><\/p>\n\n\n\n<p class=\"has-black-color has-palm-leaf-background-color has-text-color has-background has-link-color wp-elements-33be363c9bf5b8ff47766c16a98a1f6a\">Die Parteien haben unterschiedliche Positionen zum sogenannten \u201e<strong>Levelling Up<\/strong>\u201c, also der Ausweitung von Antidiskriminierungsbestimmungen aufgrund von sexueller Orientierung und Geschlechtsidentit\u00e4t \u00fcber das Arbeitsrecht hinaus. Die Gr\u00fcnen, NEOS und SP\u00d6 unterst\u00fctzen dieses Vorhaben, da sie die Schlie\u00dfung von Diskriminierungsl\u00fccken und die Schaffung von rechtlicher Sicherheit f\u00fcr queere Personen als wichtig erachten. Die Gr\u00fcnen setzen sich schon lange f\u00fcr einen vollumfassenden Diskriminierungsschutz ein, w\u00e4hrend die NEOS die Beseitigung von L\u00fccken zwischen den Gleichbehandlungsgesetzen der Bundesl\u00e4nder fordern. Die SP\u00d6 betont, dass \u201eLevelling Up\u201c notwendig ist, um Hasskriminalit\u00e4t und Diskriminierung zu bek\u00e4mpfen und eine diskriminierungsfreie Gesellschaft zu schaffen. Die \u00d6VP lehnt \u201eLevelling Up\u201c ab, da sie bef\u00fcrchtet, dass dies die Privatautonomie und Gewissensfreiheit von Unternehmern beeintr\u00e4chtigen w\u00fcrde. Die FP\u00d6 gab keine Stellungnahme ab.<\/p>\n\n\n\n<p class=\"has-black-color has-palm-leaf-background-color has-text-color has-background has-link-color wp-elements-1a099967907c448e136f9a4dbe611f5e\">Auch das Thema <strong>Verbot von Konversionstherapien <\/strong>wurde in der Diskussion behandelt. Die Gr\u00fcnen, NEOS und die SP\u00d6 sprechen sich eindeutig f\u00fcr ein Verbot aus. Die Gr\u00fcnen fordern eine rechtliche Klarstellung, um die Rechtsunsicherheit zu beseitigen, und setzen auf Aufkl\u00e4rung sowie Beratung f\u00fcr Betroffene. NEOS fordert ein Gesetz auf Bundesebene, das Ma\u00dfnahmen zur Ver\u00e4nderung der sexuellen Orientierung bei Minderj\u00e4hrigen verbietet. Die SP\u00d6 unterst\u00fctzt ein umfassendes Verbot aller Formen von Konversionstherapien, sowohl f\u00fcr Minderj\u00e4hrige als auch Erwachsene ohne informierte Einwilligung, und betont die Bedeutung von Beratung und Sensibilisierung zur effektiven Umsetzung. Die \u00d6VP lehnt das Verbot ab, da sie bef\u00fcrchtet, dass der Begriff \u201eKonversionstherapie\u201c auch die therapeutische Unterst\u00fctzung von Personen mit Geschlechtsdysphorie umfassen k\u00f6nnte, was aus ihrer Sicht problematisch w\u00e4re. Die FP\u00d6 gab keine Stellungnahme ab.<\/p>\n\n\n\n<p class=\"has-black-color has-vivid-cyan-blue-background-color has-text-color has-background has-link-color wp-elements-ed2ef17ad3014f95cfa9aba63ef2565d\">Unterschiedliche Ansichten kamen zum Thema eines Gesetzes zur <strong>Selbstbestimmung des Geschlechtseintrags nach deutschem Vorbild <\/strong>auf. Die Gr\u00fcnen und die SP\u00d6 sprechen sich f\u00fcr ein solches Gesetz aus, da sie der Ansicht sind, dass alle Menschen das Recht haben sollten, ihre Geschlechtsidentit\u00e4t ohne Pathologisierung und b\u00fcrokratische H\u00fcrden selbstbestimmt zu bestimmen. Die Gr\u00fcnen betonen die Notwendigkeit, b\u00fcrokratische H\u00fcrden abzubauen, w\u00e4hrend die SP\u00d6 auf die Schaffung eines \u201eSelbstbestimmungsrechts\u201c im Personenstandsrecht setzt. Die NEOS und die \u00d6VP lehnen das Modell ab. Die NEOS bef\u00fcrchten einen zu hohen Verwaltungsaufwand durch eine unbedingte \u00c4nderung des Geschlechtseintrags ohne Angabe von Gr\u00fcnden, insbesondere im Hinblick auf Pensionsanspr\u00fcche und Wehrpflicht. Die \u00d6VP lehnt das deutsche Modell ebenfalls ab, da sie es f\u00fcr problematisch h\u00e4lt, dass der Geschlechtseintrag j\u00e4hrlich ohne medizinische oder psychologische Gutachten ge\u00e4ndert werden kann und lediglich auf dem inneren Empfinden basiert. Die FP\u00d6 gab keine Stellungnahme ab.<\/p>\n\n\n\n<p class=\"has-black-color has-vivid-purple-background-color has-text-color has-background has-link-color wp-elements-d14b5f27cb06060076bf162a097fec04\">Alle Parteien, mit Ausnahme der FP\u00d6, sprechen sich f\u00fcr ein effektiveres <strong>Bek\u00e4mpfen von Hetze und Hasskriminalit\u00e4t im Internet<\/strong> gegen\u00fcber der LGBTIQA*- Community aus. Die Gr\u00fcnen unterst\u00fctzen verschiedene Ma\u00dfnahmen wie den Ausbau von Schulungen f\u00fcr Staatsanwaltschaft und Polizei, die F\u00f6rderung von Vernetzungsm\u00f6glichkeiten innerhalb der LGBTIQA*-Community und die institutionelle Unterst\u00fctzung von Initiativen wie dem Runden Tisch. Sie setzen sich auch f\u00fcr den Digital Services Act der EU ein. Die NEOS betonen die Dringlichkeit, Plattformbetreiber wie Grindr, Tinder und Instagram st\u00e4rker in die Verantwortung zu nehmen, und fordern klare Meldewege sowie Schutzmechanismen f\u00fcr queere Menschen. Sie bef\u00fcrworten auch, dass Wien ein sicheres und angstfreies Zuhause f\u00fcr alle Menschen bieten muss. Die SP\u00d6 pl\u00e4diert f\u00fcr die Einrichtung einer anonymen Meldestelle, die Hasskriminalit\u00e4t erfasst und als Schnittstelle zwischen den betroffenen Communities und st\u00e4dtischen Institutionen dient. Die \u00d6VP stimmt ebenfalls f\u00fcr die Bek\u00e4mpfung von Hasskriminalit\u00e4t im Internet und betont, dass das Internet kein rechtsfreier Raum sein darf. Die FP\u00d6 gibt keine Stellungnahme ab.<\/p>\n\n\n\n<p class=\"has-vivid-purple-background-color has-background\">Detailliertere Antworten zu den Themen findet Ihr hier: <a href=\"https:\/\/www.courage-beratung.at\/wp-content\/uploads\/2025\/04\/Stellungnahmen-Wien-Wahl-ungekuerzt-2025-04.pdf\" data-type=\"link\" data-id=\"https:\/\/www.courage-beratung.at\/wp-content\/uploads\/2025\/04\/Stellungnahmen-Wien-Wahl-ungekuerzt-2025-04.pdf\">Queere W\u00e4hlen<\/a><\/p>","protected":false},"excerpt":{"rendered":"<p>Vor der Wiener Landtagswahl 2025 wurden acht konkrete Fragen an die im Landtag vertretenen Parteien zum Thema LGBTIQA* gestellt. Geantwortet haben SP\u00d6, NEOS, Gr\u00fcne und \u00d6VP. Die FP\u00d6 hat keine Stellungnahmen \u00fcbermittelt. Erste Antworten findet ihr hier auf den Shareables von FAmOS: Die Parteien nahmen unterschiedliche Stellungen zur finanziellen F\u00f6rderung des Zentrums f\u00fcr queere Geschichte [&hellip;]<\/p>","protected":false},"author":6,"featured_media":2403,"comment_status":"closed","ping_status":"open","sticky":false,"template":"","format":"standard","meta":{"footnotes":""},"categories":[1],"tags":[],"class_list":["post-5367","post","type-post","status-publish","format-standard","has-post-thumbnail","hentry","category-allgemein"],"_links":{"self":[{"href":"https:\/\/www.courage-beratung.at\/en\/wp-json\/wp\/v2\/posts\/5367","targetHints":{"allow":["GET"]}}],"collection":[{"href":"https:\/\/www.courage-beratung.at\/en\/wp-json\/wp\/v2\/posts"}],"about":[{"href":"https:\/\/www.courage-beratung.at\/en\/wp-json\/wp\/v2\/types\/post"}],"author":[{"embeddable":true,"href":"https:\/\/www.courage-beratung.at\/en\/wp-json\/wp\/v2\/users\/6"}],"replies":[{"embeddable":true,"href":"https:\/\/www.courage-beratung.at\/en\/wp-json\/wp\/v2\/comments?post=5367"}],"version-history":[{"count":21,"href":"https:\/\/www.courage-beratung.at\/en\/wp-json\/wp\/v2\/posts\/5367\/revisions"}],"predecessor-version":[{"id":5471,"href":"https:\/\/www.courage-beratung.at\/en\/wp-json\/wp\/v2\/posts\/5367\/revisions\/5471"}],"wp:featuredmedia":[{"embeddable":true,"href":"https:\/\/www.courage-beratung.at\/en\/wp-json\/wp\/v2\/media\/2403"}],"wp:attachment":[{"href":"https:\/\/www.courage-beratung.at\/en\/wp-json\/wp\/v2\/media?parent=5367"}],"wp:term":[{"taxonomy":"category","embeddable":true,"href":"https:\/\/www.courage-beratung.at\/en\/wp-json\/wp\/v2\/categories?post=5367"},{"taxonomy":"post_tag","embeddable":true,"href":"https:\/\/www.courage-beratung.at\/en\/wp-json\/wp\/v2\/tags?post=5367"}],"curies":[{"name":"wp","href":"https:\/\/api.w.org\/{rel}","templated":true}]}}